{"id":234,"date":"2020-11-20T16:36:07","date_gmt":"2020-11-20T16:36:07","guid":{"rendered":"http:\/\/zukunftsarchiv.org\/?p=234"},"modified":"2026-02-04T18:39:04","modified_gmt":"2026-02-04T18:39:04","slug":"furore","status":"publish","type":"post","link":"https:\/\/zukunftsarchiv.org\/it\/furore\/","title":{"rendered":"Zusammen Erwutigen! \u2014 Wutworkshop"},"content":{"rendered":"\n<div class=\"wp-block-ainoblocks-grid-container alignwide\"><div class=\"wp-block-ainoblocks-grid-container__inner\">\n<div class=\"wp-block-ainoblocks-grid-item col_start_d__6 col_end_d__13 col_start_t__1 col_end_t__7 col_start_m__1 col_end_m__7 align-self__start justify-self__start no-stacking\">\n<p>Imaginationsworkshop: Zukunftsbild \u00bbSorgendes Quartier\u00ab<\/p>\n\n\n\n<p class=\"has-xs-font-size\">In allen Bereichen des menschlichen und nicht-menschlichen Zusammenlebens lassen sich Sorgebeziehungen entdecken: Menschen sorgen f\u00fcreinander in Gemeinschaften, \u00adRegierungen\u00ad tragen Sorge f\u00fcr eine gleichberechtigte Beteiligung aller B\u00fcrger*innen, soziale Bewegungen wie Fridays for Future sorgen sich um globale Klimagerechtigkeit und Mikroben sorgen f\u00fcr fruchtbare B\u00f6den. Sorge (Care) ist dabei nicht nur eine Aktivit\u00e4t \u2014 sie ist eine Perspektive, eine Haltung, mit der wir auf die Orga\u00adni\u00adsation gesellschaftlichen Lebens blicken k\u00f6nnen. So l\u00e4sst sich Care und Demokratie zusammendenken: Demokratie, als ein Netz an Sorgebeziehungen, in dem niemand ohne Sorge ist, in dem die Zuweisung von Sorgeverantwortung demo\u00adkratisch ausgehandelt wird, in dem das Sorgetragen f\u00fcr ein gleichberechtigtes Miteinander als b\u00fcrger*innenschaftliche Verantwortung verstanden wird und in dem Solidarit\u00e4t und Sorge zentrale demokratische Werte sind.<br>Doch was hei\u00dft das in der Praxis? Um konkrete Ans\u00e4tze zu finden, blicken wir in einem Imaginationsworkshop auf die \u00adEbene des Quartiers: Was w\u00fcnschen wir uns von einem sorgenden Quartier? Welche Elemente und Sorgebeziehungen kann dieses umfassen, um ein gleichberechtigtes, freies und solidarisches (Zusammen-)Leben zu erm\u00f6glichen? Wo finden wir bereits in der Gegenwart Ans\u00e4tze f\u00fcr ein Sorgetragen im Quartier? St\u00fcck f\u00fcr St\u00fcck n\u00e4hern wir uns so dem Zukunftsbild \u00bbsorgendes Quartier\u00ab.<br><br>Slots:<br>08.12. 17:00 \u2014 19:00<br>09.12. 18:00 \u2014 20:00<br>11.12 10:00 \u2014 12:00<br>11.12. 15:30 \u2014 17:30<br>12.12. 10:00 \u2014 12:00<br>*Suche dir einen Slot aus \u2014 an den einzelnen Termi\u00adnen findet immer der gleiche Workshop statt. Wenn sich vier Menschen f\u00fcr einen Slot angemeldet haben, kommt dieser zustande.<br>Ort: Zoom (online)<\/p>\n\n\n\n<p class=\"has-xs-font-size\">Anmeldung:<br>Schreibt bitte eine E-Mail an: mail@zukunftsarchiv.org<\/p>\n<\/div>\n\n\n\n<div class=\"wp-block-ainoblocks-grid-item col_start_d__1 col_end_d__5 col_start_t__1 col_end_t__7 col_start_m__1 col_end_m__7 align-self__start justify-self__start\">\n<figure class=\"wp-block-image size-large\"><img loading=\"lazy\" decoding=\"async\" width=\"722\" height=\"1024\" src=\"https:\/\/zukunftsarchiv.org\/wp-content\/uploads\/2020\/11\/sorgendesQuartier_Zukunftsworkshop1-722x1024.jpg\" alt=\"\" class=\"wp-image-211\" srcset=\"https:\/\/zukunftsarchiv.org\/wp-content\/uploads\/2020\/11\/sorgendesQuartier_Zukunftsworkshop1-722x1024.jpg 722w, https:\/\/zukunftsarchiv.org\/wp-content\/uploads\/2020\/11\/sorgendesQuartier_Zukunftsworkshop1-211x300.jpg 211w, https:\/\/zukunftsarchiv.org\/wp-content\/uploads\/2020\/11\/sorgendesQuartier_Zukunftsworkshop1-768x1090.jpg 768w, https:\/\/zukunftsarchiv.org\/wp-content\/uploads\/2020\/11\/sorgendesQuartier_Zukunftsworkshop1-1082x1536.jpg 1082w, https:\/\/zukunftsarchiv.org\/wp-content\/uploads\/2020\/11\/sorgendesQuartier_Zukunftsworkshop1-1443x2048.jpg 1443w, https:\/\/zukunftsarchiv.org\/wp-content\/uploads\/2020\/11\/sorgendesQuartier_Zukunftsworkshop1-scaled.jpg 1804w\" sizes=\"auto, (max-width: 722px) 100vw, 722px\" \/><\/figure>\n<\/div>\n<\/div><\/div>\n\n\n\n<p><\/p>\n","protected":false},"excerpt":{"rendered":"","protected":false},"author":1,"featured_media":1398,"comment_status":"closed","ping_status":"closed","sticky":false,"template":"","format":"standard","meta":[],"categories":[1,2],"tags":[],"class_list":["post-234","post","type-post","status-publish","has-post-thumbnail","hentry","category-work","category-workshop"],"grid":"{\r\n  \"colCount\": 31,\r\n  \"colGutter\": 1,\r\n  \"rowGutters\": [],\r\n  \"frameMargin\": 5,\r\n  \"leftFrameMargin\": 16,\r\n  \"rightFrameMargin\": 0,\r\n  \"topFrameMargin\": 3,\r\n  \"bottomFrameMargin\": 7,\r\n  \"rowAttrs\": [\r\n    {\r\n      \"row100vh\": true,\r\n      \"rowcustomheight\": \"\",\r\n      \"relid\": 16\r\n    }\r\n  ],\r\n  \"bgColor\": null,\r\n  \"bgImage\": null,\r\n  \"cont\": [\r\n    {\r\n      \"type\": \"stack\",\r\n      \"cont\": [\r\n        {\r\n          \"type\": \"text\",\r\n          \"cont\": \"<p class=\\\"_KleinMonospace\\\" style=\\\"line-height: 1.1;\\\">von: <a href=\\\"https:\/\/zukunftsarchiv.org\/dina-richert\/\\\" data-id=\\\"1227\\\" data-title=\\\"Dina-Marie Richert\\\" data-type=\\\"page\\\">Dina<\/a><span style=\\\"font-size: 14px;\\\"><br \/><\/span><\/p>\\n<p class=\\\"_Schlagworte\\\">Dialog \/ Raum \/ Erprobung \/ Heterotopische Zwischenr\u00e4ume \/ Verb\u00fcndungen<\/p>\",\r\n          \"align\": \"top\",\r\n          \"row\": -1,\r\n          \"col\": 1,\r\n          \"colspan\": 5,\r\n          \"offsetx\": 0,\r\n          \"offsety\": 0,\r\n          \"spaceabove\": 0,\r\n          \"spacebelow\": 2,\r\n          \"yvel\": 1,\r\n          \"push\": 1,\r\n          \"relid\": 8,\r\n          \"absolute_position\": false\r\n        },\r\n        {\r\n          \"type\": \"hr\",\r\n          \"cont\": \"\",\r\n          \"align\": \"bottom\",\r\n          \"row\": -1,\r\n          \"col\": 0,\r\n          \"colspan\": 7,\r\n          \"offsetx\": 0,\r\n          \"offsety\": 0,\r\n          \"spaceabove\": 0,\r\n          \"spacebelow\": 0,\r\n          \"yvel\": 1,\r\n          \"push\": 0,\r\n          \"relid\": 14,\r\n          \"absolute_position\": false\r\n        },\r\n        {\r\n          \"type\": \"text\",\r\n          \"cont\": \"<p class=\\\"_KleinMonospace\\\">zuletzt<\/p>\\n<p class=\\\"_KleinMonospace\\\">\u2217 Workshop, Fachtag Dialog Soziale Arbeit Hochschule, <br \/>Hannover<\/p>\\n<p><span style=\\\"font-family: SuisseIntlMono-Regular; font-size: 13px;\\\">\u2217 Workshop, Ernst-Abbe Hochschule, Jena<\/span><\/p>\\n<p><span style=\\\"font-family: SuisseIntlMono-Regular; font-size: 13px;\\\">\u2217 Workshop, Haus des Wandels, Heinersdorf<\/span><\/p>\\n<p>\u00a0<\/p>\",\r\n          \"align\": \"top\",\r\n          \"row\": -1,\r\n          \"col\": 1,\r\n          \"colspan\": 5,\r\n          \"offsetx\": 0,\r\n          \"offsety\": 0,\r\n          \"spaceabove\": 2,\r\n          \"spacebelow\": 2,\r\n          \"yvel\": 1,\r\n          \"push\": 1,\r\n          \"relid\": 11,\r\n          \"absolute_position\": false\r\n        },\r\n        {\r\n          \"type\": \"hr\",\r\n          \"cont\": \"\",\r\n          \"align\": \"onethird\",\r\n          \"row\": -1,\r\n          \"col\": 0,\r\n          \"colspan\": 7,\r\n          \"offsetx\": 0,\r\n          \"offsety\": 0,\r\n          \"spaceabove\": 0,\r\n          \"spacebelow\": 0,\r\n          \"yvel\": 1,\r\n          \"push\": 0,\r\n          \"relid\": 12,\r\n          \"absolute_position\": false\r\n        },\r\n        {\r\n          \"type\": \"text\",\r\n          \"cont\": \"<p class=\\\"_SuisseMono\\\"><span style=\\\"font-size: 14px;\\\"><a class=\\\"laybutton3 laybutton\\\" href=\\\"mailto:mail@zukunftsarchiv.org\\\">anfragen<\/a><\/span><\/p>\",\r\n          \"align\": \"twothirds\",\r\n          \"row\": -1,\r\n          \"col\": 1,\r\n          \"colspan\": 5,\r\n          \"offsetx\": 0,\r\n          \"offsety\": 0,\r\n          \"spaceabove\": 2,\r\n          \"spacebelow\": 2,\r\n          \"yvel\": 1,\r\n          \"push\": 1,\r\n          \"relid\": 13,\r\n          \"absolute_position\": false\r\n        },\r\n        {\r\n          \"type\": \"hr\",\r\n          \"cont\": \"\",\r\n          \"align\": \"middle\",\r\n          \"row\": -1,\r\n          \"col\": 0,\r\n          \"colspan\": 7,\r\n          \"offsetx\": 0,\r\n          \"offsety\": 0,\r\n          \"spaceabove\": 0,\r\n          \"spacebelow\": 0,\r\n          \"yvel\": 1,\r\n          \"push\": 0,\r\n          \"relid\": 4,\r\n          \"absolute_position\": false\r\n        }\r\n      ],\r\n      \"align\": \"top\",\r\n      \"row\": 0,\r\n      \"col\": 0,\r\n      \"colspan\": 7,\r\n      \"offsetx\": 0,\r\n      \"offsety\": 0,\r\n      \"spaceabove\": 0,\r\n      \"spacebelow\": 0,\r\n      \"yvel\": 1,\r\n      \"push\": 0,\r\n      \"relid\": 19,\r\n      \"absolute_position\": true,\r\n      \"classes\": \"noscroll\",\r\n      \"frameOverflow\": \"\"\r\n    },\r\n    {\r\n      \"type\": \"vl\",\r\n      \"cont\": \"\",\r\n      \"align\": \"top\",\r\n      \"row\": 0,\r\n      \"col\": 6,\r\n      \"colspan\": 0,\r\n      \"offsetx\": 0,\r\n      \"offsety\": 0,\r\n      \"spaceabove\": 0,\r\n      \"spacebelow\": 0,\r\n      \"yvel\": 1,\r\n      \"push\": 6,\r\n      \"relid\": 18,\r\n      \"absolute_position\": true,\r\n      \"placeAtEndOfCol\": true,\r\n      \"stickytop\": null\r\n    },\r\n    {\r\n      \"type\": \"stack\",\r\n      \"cont\": [\r\n        {\r\n          \"type\": \"text\",\r\n          \"cont\": \"<h1 class=\\\"_Headline\\\">Zusammen Erwutigen! <span>\u2014<\/span> Wutworkshop<\/h1>\\n<p><br \/><span>An wutbringenden Ereignissen und Umst\u00e4nden mangelt es nicht, aber was geschieht mit unserer Wut dar\u00fcber? Wessen Wut hat Raum und ist sichtbar? Welche Strategien gibt es, um wenig beachteter Wut mehr Platz einzur\u00e4umen? Wie k\u00f6nnen wir einen <\/span><span>gesellschaftlichen Umgang mit ihr finden, oder einen pers\u00f6nlichen Umgang oder als Team, Gruppe, Gemeinschaft? Und wie wird sie eine Verb\u00fcndete f\u00fcr Ver\u00e4nderungen?\u00a0<\/span><\/p>\\n<p>Oft wird Wut in unserer Gesellschaft unterdr\u00fcckt, besonders, wenn es um die Wut von FLINTA* geht. In diesem Workshop wollen wir gemeinsam erforschen, wie wir das \u00e4ndern k\u00f6nnen. Wir st\u00e4rken uns gegenseitig und probieren Strategien aus um mit unserer Wut umzugehen und ihr Raum zu geben. Durch Austausch und K\u00f6rper\u00fcbungen und kreative Arbeit. Der Workshop eignet sich f\u00fcr Menschen die oft w\u00fctend oder auch nie w\u00fctend sind und setzt kein Vorwissen voraus. Ihr solltet Lust auf Ausprobieren und Reflektieren haben.<\/p>\\n<p>Der Zeitraum f\u00fcr diesen Workshop ist variabel zwischen 2 Stunden bis zu 2 Tagen. Ihr k\u00f6nnt ihn als FLINTA*only oder f\u00fcr gemischte Gruppen anfragen. Andere Formate sind Vortr\u00e4ge oder Key Notes zum Thema.<\/p>\\n<p>\u00a0<\/p>\\n<p>\u00a0<\/p>\",\r\n          \"align\": \"top\",\r\n          \"row\": -1,\r\n          \"col\": 0,\r\n          \"colspan\": 15,\r\n          \"offsetx\": 0,\r\n          \"offsety\": 0,\r\n          \"spaceabove\": 0,\r\n          \"spacebelow\": 0,\r\n          \"yvel\": 1,\r\n          \"push\": 0,\r\n          \"relid\": 7,\r\n          \"absolute_position\": false\r\n        }\r\n      ],\r\n      \"align\": \"top\",\r\n      \"row\": 0,\r\n      \"col\": 8,\r\n      \"colspan\": 15,\r\n      \"offsetx\": 0,\r\n      \"offsety\": 0,\r\n      \"spaceabove\": 0,\r\n      \"spacebelow\": 0,\r\n      \"yvel\": 1,\r\n      \"push\": 8,\r\n      \"relid\": 31,\r\n      \"absolute_position\": true,\r\n      \"frameOverflow\": \"\"\r\n    },\r\n    {\r\n      \"type\": \"vl\",\r\n      \"cont\": \"\",\r\n      \"align\": \"top\",\r\n      \"row\": 0,\r\n      \"col\": 24,\r\n      \"colspan\": 0,\r\n      \"offsetx\": 0,\r\n      \"offsety\": 0,\r\n      \"spaceabove\": 0,\r\n      \"spacebelow\": 0,\r\n      \"yvel\": 1,\r\n      \"push\": 24,\r\n      \"relid\": 6,\r\n      \"absolute_position\": true,\r\n      \"placeAtEndOfCol\": false,\r\n      \"stickytop\": null\r\n    },\r\n    {\r\n      \"type\": \"stack\",\r\n      \"cont\": [],\r\n      \"align\": \"bottom\",\r\n      \"row\": 0,\r\n      \"col\": 24,\r\n      \"colspan\": 7,\r\n      \"offsetx\": 0,\r\n      \"offsety\": -3,\r\n      \"spaceabove\": 0,\r\n      \"spacebelow\": 0,\r\n      \"yvel\": 1,\r\n      \"push\": 24,\r\n      \"relid\": 27,\r\n      \"absolute_position\": true,\r\n      \"frameOverflow\": \"right\",\r\n      \"classes\": \"noscroll\"\r\n    },\r\n    {\r\n      \"type\": \"stack\",\r\n      \"cont\": [\r\n        {\r\n          \"type\": \"img\",\r\n          \"cont\": \"\/wp-content\/uploads\/2020\/11\/IMG_2852-rotated-e1677706308238.jpg\",\r\n          \"align\": \"middle\",\r\n          \"row\": -1,\r\n          \"col\": 0,\r\n          \"colspan\": 5,\r\n          \"offsetx\": 0,\r\n          \"offsety\": 0,\r\n          \"spaceabove\": 0,\r\n          \"spacebelow\": 0,\r\n          \"yvel\": 1,\r\n          \"push\": 0,\r\n          \"relid\": 376,\r\n          \"attid\": 1397,\r\n          \"sizes\": {\r\n            \"full\": \"\/wp-content\/uploads\/2020\/11\/IMG_2852-rotated-e1677706308238.jpg\",\r\n            \"_2560\": \"\/wp-content\/uploads\/2020\/11\/IMG_2852-rotated-e1677706308238-2560x3297.jpg\",\r\n            \"_1920\": \"\/wp-content\/uploads\/2020\/11\/IMG_2852-rotated-e1677706308238-1920x2473.jpg\",\r\n            \"_1280\": \"\/wp-content\/uploads\/2020\/11\/IMG_2852-rotated-e1677706308238-1280x1649.jpg\",\r\n            \"_1024\": \"\/wp-content\/uploads\/2020\/11\/IMG_2852-rotated-e1677706308238-1024x1319.jpg\",\r\n            \"_768\": \"\/wp-content\/uploads\/2020\/11\/IMG_2852-rotated-e1677706308238-768x989.jpg\",\r\n            \"_512\": \"\/wp-content\/uploads\/2020\/11\/IMG_2852-rotated-e1677706308238-512x659.jpg\",\r\n            \"_265\": \"\/wp-content\/uploads\/2020\/11\/IMG_2852-rotated-e1677706308238-265x341.jpg\"\r\n          },\r\n          \"w\": 2903,\r\n          \"h\": 3739,\r\n          \"ar\": 1.2879779538408542,\r\n          \"alt\": \"\",\r\n          \"absolute_position\": false\r\n        }\r\n      ],\r\n      \"align\": \"top\",\r\n      \"row\": 0,\r\n      \"col\": 25,\r\n      \"colspan\": 5,\r\n      \"offsetx\": 0,\r\n      \"offsety\": 0,\r\n      \"spaceabove\": 0,\r\n      \"spacebelow\": 0,\r\n      \"yvel\": 1,\r\n      \"push\": 25,\r\n      \"relid\": 20,\r\n      \"absolute_position\": true,\r\n      \"classes\": \"noscroll\"\r\n    }\r\n  ]\r\n}","phonegrid":"{\r\n  \"colCount\": 12,\r\n  \"colGutter\": 1,\r\n  \"rowGutters\": [\r\n    5,\r\n    5,\r\n    5,\r\n    5,\r\n    5,\r\n    5,\r\n    5,\r\n    5\r\n  ],\r\n  \"frameMargin\": 5,\r\n  \"leftFrameMargin\": 5,\r\n  \"rightFrameMargin\": 5,\r\n  \"topFrameMargin\": 5,\r\n  \"bottomFrameMargin\": 7,\r\n  \"rowAttrs\": [\r\n    {\r\n      \"relid\": 5\r\n    },\r\n    {\r\n      \"relid\": 9\r\n    },\r\n    {\r\n      \"relid\": 15\r\n    },\r\n    {\r\n      \"relid\": 17\r\n    },\r\n    {\r\n      \"relid\": 21\r\n    },\r\n    {\r\n      \"relid\": 22\r\n    },\r\n    {\r\n      \"relid\": 23\r\n    },\r\n    {\r\n      \"relid\": 25\r\n    },\r\n    {\r\n      \"relid\": 24\r\n    }\r\n  ],\r\n  \"bgColor\": null,\r\n  \"bgImage\": null,\r\n  \"cont\": [\r\n    {\r\n      \"type\": \"text\",\r\n      \"cont\": \"<p class=\\\"_KleinMonospace\\\" style=\\\"line-height: 1.1;\\\">von: <a href=\\\"https:\/\/zukunftsarchiv.org\/dina-richert\/\\\" data-id=\\\"1227\\\" data-title=\\\"Dina-Marie Richert\\\" data-type=\\\"page\\\">Dina<\/a><span style=\\\"font-size: 14px;\\\"><br \/><\/span><\/p>\\n<p class=\\\"_Schlagworte\\\">Dialog \/ Raum \/ Erprobung \/ Heterotopische Zwischenr\u00e4ume \/ Verb\u00fcndungen<\/p>\",\r\n      \"align\": \"bottom\",\r\n      \"row\": 0,\r\n      \"col\": 0,\r\n      \"colspan\": 12,\r\n      \"offsetx\": 0,\r\n      \"offsety\": 0,\r\n      \"spaceabove\": 0,\r\n      \"spacebelow\": 0,\r\n      \"yvel\": 1,\r\n      \"push\": 0,\r\n      \"relid\": 8,\r\n      \"absolute_position\": false\r\n    },\r\n    {\r\n      \"type\": \"hr\",\r\n      \"cont\": \"\",\r\n      \"align\": \"bottom\",\r\n      \"row\": 1,\r\n      \"col\": 0,\r\n      \"colspan\": 12,\r\n      \"offsetx\": 0,\r\n      \"offsety\": 0,\r\n      \"spaceabove\": 0,\r\n      \"spacebelow\": 0,\r\n      \"yvel\": 1,\r\n      \"push\": 0,\r\n      \"relid\": 14,\r\n      \"absolute_position\": false\r\n    },\r\n    {\r\n      \"type\": \"text\",\r\n      \"cont\": \"<p class=\\\"_KleinMonospace\\\">zuletzt<\/p>\\n<p class=\\\"_KleinMonospace\\\">\u2217 Workshop, Fachtag Dialog Soziale Arbeit Hochschule, <br \/>Hannover<\/p>\\n<p><span style=\\\"font-family: SuisseIntlMono-Regular; font-size: 13px;\\\">\u2217 Workshop, Ernst-Abbe Hochschule, Jena<\/span><\/p>\\n<p><span style=\\\"font-family: SuisseIntlMono-Regular; font-size: 13px;\\\">\u2217 Workshop, Haus des Wandels, Heinersdorf<\/span><\/p>\\n<p>\u00a0<\/p>\",\r\n      \"align\": \"bottom\",\r\n      \"row\": 2,\r\n      \"col\": 0,\r\n      \"colspan\": 12,\r\n      \"offsetx\": 0,\r\n      \"offsety\": 0,\r\n      \"spaceabove\": 0,\r\n      \"spacebelow\": 0,\r\n      \"yvel\": 1,\r\n      \"push\": 0,\r\n      \"relid\": 11,\r\n      \"absolute_position\": false\r\n    },\r\n    {\r\n      \"type\": \"hr\",\r\n      \"cont\": \"\",\r\n      \"align\": \"bottom\",\r\n      \"row\": 3,\r\n      \"col\": 0,\r\n      \"colspan\": 12,\r\n      \"offsetx\": 0,\r\n      \"offsety\": 0,\r\n      \"spaceabove\": 0,\r\n      \"spacebelow\": 0,\r\n      \"yvel\": 1,\r\n      \"push\": 0,\r\n      \"relid\": 12,\r\n      \"absolute_position\": false\r\n    },\r\n    {\r\n      \"type\": \"text\",\r\n      \"cont\": \"<p class=\\\"_SuisseMono\\\"><span style=\\\"font-size: 14px;\\\"><a class=\\\"laybutton3 laybutton\\\" href=\\\"mailto:mail@zukunftsarchiv.org\\\">anfragen<\/a><\/span><\/p>\",\r\n      \"align\": \"bottom\",\r\n      \"row\": 4,\r\n      \"col\": 0,\r\n      \"colspan\": 12,\r\n      \"offsetx\": 0,\r\n      \"offsety\": 0,\r\n      \"spaceabove\": 0,\r\n      \"spacebelow\": 0,\r\n      \"yvel\": 1,\r\n      \"push\": 0,\r\n      \"relid\": 13,\r\n      \"absolute_position\": false\r\n    },\r\n    {\r\n      \"type\": \"hr\",\r\n      \"cont\": \"\",\r\n      \"align\": \"bottom\",\r\n      \"row\": 5,\r\n      \"col\": 0,\r\n      \"colspan\": 12,\r\n      \"offsetx\": 0,\r\n      \"offsety\": 0,\r\n      \"spaceabove\": 0,\r\n      \"spacebelow\": 0,\r\n      \"yvel\": 1,\r\n      \"push\": 0,\r\n      \"relid\": 4,\r\n      \"absolute_position\": false\r\n    },\r\n    {\r\n      \"type\": \"text\",\r\n      \"cont\": \"<h1 class=\\\"_Headline\\\">Zusammen Erwutigen! <span>\u2014<\/span> Wutworkshop<\/h1>\\n<p><br \/><span>An wutbringenden Ereignissen und Umst\u00e4nden mangelt es nicht, aber was geschieht mit unserer Wut dar\u00fcber? Wessen Wut hat Raum und ist sichtbar? Welche Strategien gibt es, um wenig beachteter Wut mehr Platz einzur\u00e4umen? Wie k\u00f6nnen wir einen <\/span><span>gesellschaftlichen Umgang mit ihr finden, oder einen pers\u00f6nlichen Umgang oder als Team, Gruppe, Gemeinschaft? Und wie wird sie eine Verb\u00fcndete f\u00fcr Ver\u00e4nderungen?\u00a0<\/span><\/p>\\n<p>Oft wird Wut in unserer Gesellschaft unterdr\u00fcckt, besonders, wenn es um die Wut von FLINTA* geht. In diesem Workshop wollen wir gemeinsam erforschen, wie wir das \u00e4ndern k\u00f6nnen. Wir st\u00e4rken uns gegenseitig und probieren Strategien aus um mit unserer Wut umzugehen und ihr Raum zu geben. Durch Austausch und K\u00f6rper\u00fcbungen und kreative Arbeit. Der Workshop eignet sich f\u00fcr Menschen die oft w\u00fctend oder auch nie w\u00fctend sind und setzt kein Vorwissen voraus. Ihr solltet Lust auf Ausprobieren und Reflektieren haben.<\/p>\\n<p>Der Zeitraum f\u00fcr diesen Workshop ist variabel zwischen 2 Stunden bis zu 2 Tagen. Ihr k\u00f6nnt ihn als FLINTA*only oder f\u00fcr gemischte Gruppen anfragen. Andere Formate sind Vortr\u00e4ge oder Key Notes zum Thema.<\/p>\\n<p>\u00a0<\/p>\\n<p>\u00a0<\/p>\",\r\n      \"align\": \"bottom\",\r\n      \"row\": 6,\r\n      \"col\": 0,\r\n      \"colspan\": 12,\r\n      \"offsetx\": 0,\r\n      \"offsety\": 0,\r\n      \"spaceabove\": 0,\r\n      \"spacebelow\": 0,\r\n      \"yvel\": 1,\r\n      \"push\": 0,\r\n      \"relid\": 7,\r\n      \"absolute_position\": false,\r\n      \"frameOverflow\": \"\"\r\n    },\r\n    {\r\n      \"type\": \"carousel\",\r\n      \"cont\": \"\",\r\n      \"align\": \"middle\",\r\n      \"row\": 7,\r\n      \"col\": 0,\r\n      \"colspan\": 12,\r\n      \"offsetx\": 0,\r\n      \"offsety\": 0,\r\n      \"spaceabove\": 0,\r\n      \"spacebelow\": 0,\r\n      \"yvel\": 1,\r\n      \"push\": 0,\r\n      \"relid\": 1252,\r\n      \"carousel_options\": {\r\n        \"random\": false,\r\n        \"autoplay\": false,\r\n        \"showMultipleSlides\": false,\r\n        \"freeScroll\": false,\r\n        \"mousewheelScroll\": false,\r\n        \"size\": \"aspectRatioOfFirstElement\",\r\n        \"slidesWidth\": \"null\",\r\n        \"transition\": \"sliding\",\r\n        \"loop\": \"1\",\r\n        \"spaceBetween\": 0,\r\n        \"captionsUnderSlides\": false,\r\n        \"autoplaySpeed\": 2000,\r\n        \"autoplayDelay\": 0,\r\n        \"transitionSpeed\": 300\r\n      },\r\n      \"carousel\": [\r\n        {\r\n          \"type\": \"img\",\r\n          \"attid\": 1396,\r\n          \"cont\": \"\/wp-content\/uploads\/2020\/11\/IMG_2916.jpg\",\r\n          \"sizes\": {\r\n            \"full\": \"\/wp-content\/uploads\/2020\/11\/IMG_2916.jpg\",\r\n            \"_3840\": \"\/wp-content\/uploads\/2020\/11\/IMG_2916-3840x2880.jpg\",\r\n            \"_3200\": \"\/wp-content\/uploads\/2020\/11\/IMG_2916-3200x2400.jpg\",\r\n            \"_2560\": \"\/wp-content\/uploads\/2020\/11\/IMG_2916-2560x1920.jpg\",\r\n            \"_1920\": \"\/wp-content\/uploads\/2020\/11\/IMG_2916-1920x1440.jpg\",\r\n            \"_1280\": \"\/wp-content\/uploads\/2020\/11\/IMG_2916-1280x960.jpg\",\r\n            \"_1024\": \"\/wp-content\/uploads\/2020\/11\/IMG_2916-1024x768.jpg\",\r\n            \"_768\": \"\/wp-content\/uploads\/2020\/11\/IMG_2916-768x576.jpg\",\r\n            \"_512\": \"\/wp-content\/uploads\/2020\/11\/IMG_2916-512x384.jpg\",\r\n            \"_265\": \"\/wp-content\/uploads\/2020\/11\/IMG_2916-265x199.jpg\"\r\n          },\r\n          \"w\": 4032,\r\n          \"h\": 3024,\r\n          \"ar\": 0.75,\r\n          \"alt\": \"\"\r\n        },\r\n        {\r\n          \"type\": \"img\",\r\n          \"attid\": 1398,\r\n          \"cont\": \"\/wp-content\/uploads\/2020\/11\/IMG_2791.jpg\",\r\n          \"sizes\": {\r\n            \"full\": \"\/wp-content\/uploads\/2020\/11\/IMG_2791.jpg\",\r\n            \"_3840\": \"\/wp-content\/uploads\/2020\/11\/IMG_2791-3840x2880.jpg\",\r\n            \"_3200\": \"\/wp-content\/uploads\/2020\/11\/IMG_2791-3200x2400.jpg\",\r\n            \"_2560\": \"\/wp-content\/uploads\/2020\/11\/IMG_2791-2560x1920.jpg\",\r\n            \"_1920\": \"\/wp-content\/uploads\/2020\/11\/IMG_2791-1920x1440.jpg\",\r\n            \"_1280\": \"\/wp-content\/uploads\/2020\/11\/IMG_2791-1280x960.jpg\",\r\n            \"_1024\": \"\/wp-content\/uploads\/2020\/11\/IMG_2791-1024x768.jpg\",\r\n            \"_768\": \"\/wp-content\/uploads\/2020\/11\/IMG_2791-768x576.jpg\",\r\n            \"_512\": \"\/wp-content\/uploads\/2020\/11\/IMG_2791-512x384.jpg\",\r\n            \"_265\": \"\/wp-content\/uploads\/2020\/11\/IMG_2791-265x199.jpg\"\r\n          },\r\n          \"w\": 4032,\r\n          \"h\": 3024,\r\n          \"ar\": 0.75,\r\n          \"alt\": \"\"\r\n        },\r\n        {\r\n          \"type\": \"img\",\r\n          \"attid\": 1395,\r\n          \"cont\": \"\/wp-content\/uploads\/2020\/11\/abends-e1677706366922.jpg\",\r\n          \"sizes\": {\r\n            \"full\": \"\/wp-content\/uploads\/2020\/11\/abends-e1677706366922.jpg\",\r\n            \"_1024\": \"\/wp-content\/uploads\/2020\/11\/abends-e1677706366922-1024x810.jpg\",\r\n            \"_768\": \"\/wp-content\/uploads\/2020\/11\/abends-e1677706366922-768x608.jpg\",\r\n            \"_512\": \"\/wp-content\/uploads\/2020\/11\/abends-e1677706366922-512x405.jpg\",\r\n            \"_265\": \"\/wp-content\/uploads\/2020\/11\/abends-e1677706366922-265x210.jpg\"\r\n          },\r\n          \"w\": 1072,\r\n          \"h\": 848,\r\n          \"ar\": 0.7910447761194029,\r\n          \"alt\": \"\"\r\n        }\r\n      ],\r\n      \"absolute_position\": false,\r\n      \"dosync\": false\r\n    },\r\n    {\r\n      \"type\": \"img\",\r\n      \"cont\": \"\/wp-content\/uploads\/2020\/11\/IMG_2852-rotated-e1677706308238.jpg\",\r\n      \"align\": \"bottom\",\r\n      \"row\": 8,\r\n      \"col\": 0,\r\n      \"colspan\": 12,\r\n      \"offsetx\": 0,\r\n      \"offsety\": 0,\r\n      \"spaceabove\": 0,\r\n      \"spacebelow\": 0,\r\n      \"yvel\": 1,\r\n      \"push\": 0,\r\n      \"relid\": 376,\r\n      \"attid\": 1397,\r\n      \"sizes\": {\r\n        \"full\": \"\/wp-content\/uploads\/2020\/11\/IMG_2852-rotated-e1677706308238.jpg\",\r\n        \"_2560\": \"\/wp-content\/uploads\/2020\/11\/IMG_2852-rotated-e1677706308238-2560x3297.jpg\",\r\n        \"_1920\": \"\/wp-content\/uploads\/2020\/11\/IMG_2852-rotated-e1677706308238-1920x2473.jpg\",\r\n        \"_1280\": \"\/wp-content\/uploads\/2020\/11\/IMG_2852-rotated-e1677706308238-1280x1649.jpg\",\r\n        \"_1024\": \"\/wp-content\/uploads\/2020\/11\/IMG_2852-rotated-e1677706308238-1024x1319.jpg\",\r\n        \"_768\": \"\/wp-content\/uploads\/2020\/11\/IMG_2852-rotated-e1677706308238-768x989.jpg\",\r\n        \"_512\": \"\/wp-content\/uploads\/2020\/11\/IMG_2852-rotated-e1677706308238-512x659.jpg\",\r\n        \"_265\": \"\/wp-content\/uploads\/2020\/11\/IMG_2852-rotated-e1677706308238-265x341.jpg\"\r\n      },\r\n      \"w\": 2903,\r\n      \"h\": 3739,\r\n      \"ar\": 1.2879779538408542,\r\n      \"alt\": \"\",\r\n      \"absolute_position\": false\r\n    }\r\n  ]\r\n}","_links":{"self":[{"href":"https:\/\/zukunftsarchiv.org\/it\/wp-json\/wp\/v2\/posts\/234","targetHints":{"allow":["GET"]}}],"collection":[{"href":"https:\/\/zukunftsarchiv.org\/it\/wp-json\/wp\/v2\/posts"}],"about":[{"href":"https:\/\/zukunftsarchiv.org\/it\/wp-json\/wp\/v2\/types\/post"}],"author":[{"embeddable":true,"href":"https:\/\/zukunftsarchiv.org\/it\/wp-json\/wp\/v2\/users\/1"}],"replies":[{"embeddable":true,"href":"https:\/\/zukunftsarchiv.org\/it\/wp-json\/wp\/v2\/comments?post=234"}],"version-history":[{"count":0,"href":"https:\/\/zukunftsarchiv.org\/it\/wp-json\/wp\/v2\/posts\/234\/revisions"}],"wp:featuredmedia":[{"embeddable":true,"href":"https:\/\/zukunftsarchiv.org\/it\/wp-json\/wp\/v2\/media\/1398"}],"wp:attachment":[{"href":"https:\/\/zukunftsarchiv.org\/it\/wp-json\/wp\/v2\/media?parent=234"}],"wp:term":[{"taxonomy":"category","embeddable":true,"href":"https:\/\/zukunftsarchiv.org\/it\/wp-json\/wp\/v2\/categories?post=234"},{"taxonomy":"post_tag","embeddable":true,"href":"https:\/\/zukunftsarchiv.org\/it\/wp-json\/wp\/v2\/tags?post=234"}],"curies":[{"name":"wp","href":"https:\/\/api.w.org\/{rel}","templated":true}]}}